{"id":1152,"date":"2012-11-23T23:17:23","date_gmt":"2012-11-23T21:17:23","guid":{"rendered":"http:\/\/www.upaya.es\/?p=1152"},"modified":"2012-11-23T23:19:55","modified_gmt":"2012-11-23T21:19:55","slug":"simone-weil-1909-1943-filosofa-francesa-mistica-y-activista-politica","status":"publish","type":"post","link":"https:\/\/www.upaya.es\/?p=1152","title":{"rendered":"Simone Weil. 1909-1943. Fil\u00f3sofa francesa, m\u00edstica y activista pol\u00edtica"},"content":{"rendered":"<p><figure id=\"attachment_1154\" aria-describedby=\"caption-attachment-1154\" style=\"width: 240px\" class=\"wp-caption alignleft\"><a href=\"https:\/\/www.upaya.es\/wp-content\/uploads\/simone-weil.jpg\"><img loading=\"lazy\" decoding=\"async\" src=\"https:\/\/www.upaya.es\/wp-content\/uploads\/simone-weil-240x300.jpg\" alt=\"Simone Weil\" title=\"Simone Weil\" width=\"240\" height=\"300\" class=\"size-left wp-image-1154\" srcset=\"https:\/\/www.upaya.es\/wp-content\/uploads\/simone-weil-240x300.jpg 240w, https:\/\/www.upaya.es\/wp-content\/uploads\/simone-weil.jpg 768w\" sizes=\"auto, (max-width: 240px) 100vw, 240px\" \/><\/a><figcaption id=\"caption-attachment-1154\" class=\"wp-caption-text\">Simone Weil durante la guerra civil espa\u00f1ola<\/figcaption><\/figure>Estudia filosof\u00eda y literatura cl\u00e1sica, es alumna de Alain (\u00c9mile Chartier). A los 19 a\u00f1os ingresa, con la calificaci\u00f3n m\u00e1s alta, seguida por Simone de Beauvoir, en la Escuela Normal Superior de Par\u00eds. Se grad\u00faa a los 22 a\u00f1os y comienza su carrera docente en diversos liceos.<\/p>\n<p>En 1934 decidi\u00f3 abandonar la ense\u00f1anza para incorporarse, como obrera, a las f\u00e1bricas Alsthom y Renault, con el prop\u00f3sito de entrar en contacto con lo que ella llamaba \u201cla vida real\u201d. Esta decisi\u00f3n fue consecuencia de su convicci\u00f3n acerca de que la teor\u00eda debe partir del conocimiento de las condiciones reales de la existencia y deriv\u00f3 en una experiencia que cambiar\u00eda -siguiendo sus palabras- no s\u00f3lo su perspectiva de las cosas, sino su sentimiento mismo de la vida.<!--more--><\/p>\n<p>\u00abAll\u00ed recib\u00ed la marca del esclavo\u00bb, dir\u00e1 sobre su experiencia en Renault. En 1941, ya en Marsella, trabaja como obrera agr\u00edcola. Piensa que el trabajo manual debe considerarse como el centro de la cultura y sostiene que la separaci\u00f3n creciente a lo largo de la historia entre la actividad manual y la actividad intelectual ha sido la causa de la relaci\u00f3n de dominio y poder que ejercen los que manejan la palabra sobre los que se ocupan de las cosas.<\/p>\n<p>Sindicalista de la educaci\u00f3n, se muestra a favor de la unificaci\u00f3n sindical y escribe en la revista La escuela enmancipada. Antiestalinista, participa desde 1932 en el C\u00edrculo comunista democr\u00e1tico de Boris Souvarine a quien ha conocido por intermedio de Nicol\u00e1s Lazar\u00e9vitch. Participa en la huelga general de 1936. Milita apasionadamente por un pacifismo intransigente pero, al mismo tiempo, se compromete en la columna anarquista Durruti en Espa\u00f1a que lucha contra Francisco Franco dentro del bando republicano espa\u00f1ol. Es periodista voluntaria en Barcelona y se incorpora al combate armado en Arag\u00f3n. All\u00ed aprende a usar el fusil pero nunca se atreve a dispararlo. De esta cruda experiencia, le queda el amargo sentimiento de la brutalidad y del sinsentido de la guerra.<\/p>\n<p>En 1942, en plena Segunda Guerra Mundial, visita a sus padres y hermano en Estados Unidos, pero rechaza para ella ese estatuto que siente como demasiado confortable en tiempos tempestuosos. No pudo soportar la comodidad de Nueva York, mientras su pa\u00eds se extenuaba bajo la ocupaci\u00f3n y el hambre (de todos modos, \u00absi se hubiera quedado en los EEUU, probablemente se hubiera hecho negra\u00bb, coment\u00f3 luego una amiga, ya que siempre estuvo del lado de los oprimidos). Viaja, pues, a Londres, pensando en volver a su pa\u00eds. Quer\u00eda ser lanzada en paraca\u00eddas en plena zona ocupada de Francia, para compartir la lucha y el destino de los suyos, pero se le neg\u00f3 su deseo, consiguiendo trabajar como redactora en los servicios de Francia Libre, liderada por el General Charles de Gaulle. En julio de 1943 deja de pertenecer a esta organizaci\u00f3n.<\/p>\n<p>Unos meses despu\u00e9s mor\u00eda en Londres, de tuberculosis e inanici\u00f3n solidaria. Weil voluntariamente se neg\u00f3 a comer, identific\u00e1ndose con sus compatriotas que bajo el dominio alem\u00e1n pasaban hambre; la fil\u00f3sofa m\u00edstica se debilit\u00f3 poco a poco, siendo v\u00edctima de la tuberculosis el 15 de abril de 1943 es trasladada al hospital Middlesex y luego el 30 de julio, a petici\u00f3n suya, al sanatorio de Ashford: \u201c\u00a1Qu\u00e9 hermoso lugar para morir!\u201d, afirma al llegar. Muri\u00f3 a los 34 a\u00f1os de edad.<\/p>\n<p>La historia nunca har\u00e1 suficiente justicia con ella porque fue una persona inc\u00f3moda para el poder, otros intelectuales de sal\u00f3n tuvieron m\u00e1s posibilidades de difundir su obra porque fueron m\u00e1s convenientes, por ejemplo la segunda de su promoci\u00f3n, Simone de Beauvoir. No me consta que su principal obra, \u00abLa condici\u00f3n Obrera\u00bb, haya sido publicada en Espa\u00f1a en cualquiera de los idiomas oficiales del pa\u00eds.<\/p>\n","protected":false},"excerpt":{"rendered":"<p>Estudia filosof\u00eda y literatura cl\u00e1sica, es alumna de Alain (\u00c9mile Chartier). A los 19 a\u00f1os ingresa, con la calificaci\u00f3n m\u00e1s alta, seguida por Simone de Beauvoir, en la Escuela Normal Superior de Par\u00eds. Se grad\u00faa a los 22 a\u00f1os y comienza su carrera docente en diversos liceos. En 1934 decidi\u00f3 abandonar la ense\u00f1anza para incorporarse, &hellip; <a href=\"https:\/\/www.upaya.es\/?p=1152\" class=\"more-link\">Seguir leyendo <span class=\"screen-reader-text\">Simone Weil. 1909-1943. Fil\u00f3sofa francesa, m\u00edstica y activista pol\u00edtica<\/span> <span class=\"meta-nav\">&rarr;<\/span><\/a><\/p>\n","protected":false},"author":1,"featured_media":0,"comment_status":"open","ping_status":"open","sticky":false,"template":"","format":"standard","meta":{"footnotes":""},"categories":[1],"tags":[],"class_list":["post-1152","post","type-post","status-publish","format-standard","hentry","category-general"],"_links":{"self":[{"href":"https:\/\/www.upaya.es\/index.php?rest_route=\/wp\/v2\/posts\/1152","targetHints":{"allow":["GET"]}}],"collection":[{"href":"https:\/\/www.upaya.es\/index.php?rest_route=\/wp\/v2\/posts"}],"about":[{"href":"https:\/\/www.upaya.es\/index.php?rest_route=\/wp\/v2\/types\/post"}],"author":[{"embeddable":true,"href":"https:\/\/www.upaya.es\/index.php?rest_route=\/wp\/v2\/users\/1"}],"replies":[{"embeddable":true,"href":"https:\/\/www.upaya.es\/index.php?rest_route=%2Fwp%2Fv2%2Fcomments&post=1152"}],"version-history":[{"count":7,"href":"https:\/\/www.upaya.es\/index.php?rest_route=\/wp\/v2\/posts\/1152\/revisions"}],"predecessor-version":[{"id":1160,"href":"https:\/\/www.upaya.es\/index.php?rest_route=\/wp\/v2\/posts\/1152\/revisions\/1160"}],"wp:attachment":[{"href":"https:\/\/www.upaya.es\/index.php?rest_route=%2Fwp%2Fv2%2Fmedia&parent=1152"}],"wp:term":[{"taxonomy":"category","embeddable":true,"href":"https:\/\/www.upaya.es\/index.php?rest_route=%2Fwp%2Fv2%2Fcategories&post=1152"},{"taxonomy":"post_tag","embeddable":true,"href":"https:\/\/www.upaya.es\/index.php?rest_route=%2Fwp%2Fv2%2Ftags&post=1152"}],"curies":[{"name":"wp","href":"https:\/\/api.w.org\/{rel}","templated":true}]}}